{"id":6754,"date":"2025-07-21T09:23:36","date_gmt":"2025-07-21T09:23:36","guid":{"rendered":"https:\/\/immp.co\/?p=6754"},"modified":"2025-07-21T09:26:54","modified_gmt":"2025-07-21T09:26:54","slug":"deniz-pervaneleri-literaturu-ve-deniz-pervanesinin-tum-parcalarinin-tanitimi","status":"publish","type":"post","link":"https:\/\/immp.co\/tr\/deniz-pervaneleri-literaturu-ve-deniz-pervanesinin-tum-parcalarinin-tanitimi\/","title":{"rendered":"Deniz Pervaneleri Literat\u00fcr\u00fc ve Deniz Pervanesinin T\u00fcm Par\u00e7alar\u0131n\u0131n Tan\u0131t\u0131m\u0131"},"content":{"rendered":"\t\t<div data-elementor-type=\"wp-post\" data-elementor-id=\"6754\" class=\"elementor elementor-6754\" data-elementor-post-type=\"post\">\n\t\t\t\t<div class=\"elementor-element elementor-element-63052fe e-flex e-con-boxed e-con e-parent\" data-id=\"63052fe\" data-element_type=\"container\">\n\t\t\t\t\t<div class=\"e-con-inner\">\n\t\t\t\t<div class=\"elementor-element elementor-element-a450780 elementor-widget elementor-widget-text-editor\" data-id=\"a450780\" data-element_type=\"widget\" data-widget_type=\"text-editor.default\">\n\t\t\t\t<div class=\"elementor-widget-container\">\n\t\t\t\t\t\t\t\t\t<p dir=\"ltr\" data-pm-slice=\"1 1 []\"><strong>Giri\u015f<\/strong><br \/>\u0130nsan toplumlar\u0131n\u0131n b\u00fcy\u00fcmesi ve bunun sonucunda g\u0131da ve kaynaklara artan ihtiya\u00e7, ayr\u0131ca i\u015f yaratma ve gelir kaynaklar\u0131, t\u00fcm \u00fclkeler, \u00f6zellikle denizlere ve su kaynaklar\u0131na eri\u015fimi olan \u00fclkeler i\u00e7in deniz f\u0131rsatlar\u0131ndan ve kaynaklar\u0131ndan (g\u0131da, petrol, mineraller vb.) yararlanmay\u0131 \u00f6ncelik haline getirmi\u015ftir. Herhangi bir alanda deniz end\u00fcstrisinin geli\u015ftirilmesi, denizin, f\u0131rsatlar\u0131n\u0131n ve zorluklar\u0131n\u0131n derinlemesine anla\u015f\u0131lmas\u0131n\u0131 gerektirir. Bu anlay\u0131\u015f, titiz ara\u015ft\u0131rmalar ve incelemeler yoluyla elde edilir. Sevgili \u00fclkemiz \u0130ran\u2019da, kuzey ve g\u00fcney s\u0131n\u0131rlar\u0131nda, hatta baz\u0131 k\u0131y\u0131 olmayan ve merkezi b\u00f6lgelerde, g\u0131da, petrol, mineraller, turizm ve ticari denizcilik i\u00e7in b\u00fcy\u00fck potansiyel sunan \u00f6nemli deniz kaynaklar\u0131 bulunmaktad\u0131r. \u0130ran, bir anlamda, deniz \u00fclkesidir; \u00e7e\u015fitli g\u0131da, petrol, mineral kaynaklar\u0131, e\u015fsiz turizm ve e\u011flence f\u0131rsatlar\u0131 ile \u00e7ok say\u0131da ticari ve denizcilik uygulamalar\u0131, bireyler ve \u015firketler i\u00e7in bu kaynaklar\u0131 kullanma ve de\u011ferlendirme konusunda ola\u011fan\u00fcst\u00fc f\u0131rsatlar yarat\u0131r.<\/p><p dir=\"ltr\">Bu ekonomik ve bazen stratejik kaynaklar\u0131n kullan\u0131m\u0131, deniz ve deniz end\u00fcstrisiyle ilgili \u00e7e\u015fitli \u00f6zel ve genel ekipmanlar\u0131n kullan\u0131m\u0131n\u0131 gerektirir. Ge\u00e7mi\u015ften g\u00fcn\u00fcm\u00fcze t\u00fcm deniz end\u00fcstrilerinde kullan\u0131lan temel ekipmanlardan biri, farkl\u0131 tonajlarda su ta\u015f\u0131tlar\u0131d\u0131r (gemiler, tekneler, lancalar vb.), farkl\u0131 uygulamalar i\u00e7in geli\u015ftirilmi\u015f, askeri, polis, ke\u015fif, s\u0131n\u0131r koruma, bal\u0131k\u00e7\u0131l\u0131k, ticari, turizm, e\u011flence ve di\u011fer ama\u00e7lar i\u00e7in, hem m\u00fcrettebatl\u0131 hem de m\u00fcrettebats\u0131z. Bu teknelere ve su ta\u015f\u0131tlar\u0131na kurulan ekipmanlar genellikle maliyetleri d\u00fc\u015f\u00fcrmek, bak\u0131m\u0131 kolayla\u015ft\u0131rmak ve g\u00fcvenilirli\u011fi art\u0131rmak i\u00e7in mekanik olarak basit tasarlan\u0131r, genellikle bir motordan (genellikle iki zamanl\u0131), bir \u015fanz\u0131mandan (\u00e7o\u011funlukla red\u00fcksiyonlu) ve bir deniz pervanesinden olu\u015fur.<\/p><p dir=\"ltr\">Ger\u00e7ekle\u015ftirilen proje temelinde, raporu burada sunulan, 1. B\u00f6l\u00fcm deniz pervanelerinin literat\u00fcr\u00fcn\u00fc ve \u00f6zelliklerini tart\u0131\u015f\u0131r. 2. B\u00f6l\u00fcm, tahrik sistemlerinin temel parametreleri olarak g\u00fc\u00e7 ve d\u00f6n\u00fc\u015f h\u0131z\u0131 hesaplamalar\u0131n\u0131 inceler. Son olarak, 3. B\u00f6l\u00fcm, \u015faft ve \u015fanz\u0131mandan pervaneye g\u00fc\u00e7 (tork) aktar\u0131m\u0131n\u0131 spline mekanizmas\u0131 arac\u0131l\u0131\u011f\u0131yla ele al\u0131r.<\/p>\t\t\t\t\t\t\t\t<\/div>\n\t\t\t\t<\/div>\n\t\t\t\t\t<\/div>\n\t\t\t\t<\/div>\n\t\t<div class=\"elementor-element elementor-element-7b7c356 e-flex e-con-boxed e-con e-parent\" data-id=\"7b7c356\" data-element_type=\"container\">\n\t\t\t\t\t<div class=\"e-con-inner\">\n\t\t\t\t<div class=\"elementor-element elementor-element-20f83b4 elementor-widget elementor-widget-text-editor\" data-id=\"20f83b4\" data-element_type=\"widget\" data-widget_type=\"text-editor.default\">\n\t\t\t\t<div class=\"elementor-widget-container\">\n\t\t\t\t\t\t\t\t\t<p dir=\"ltr\" data-pm-slice=\"1 1 []\"><strong>B\u00f6l\u00fcm 1: Deniz Pervaneleri Literat\u00fcr\u00fc ve Yamaha-85 Pervanesinin Analizi<\/strong><br \/>Deniz pervaneleri, suyu ay\u0131ran ve hareket sa\u011flayan bile\u015fenler olarak, tekneler, gemiler, denizalt\u0131lar ve daha fazlas\u0131 dahil t\u00fcm su ta\u015f\u0131tlar\u0131nda ve ula\u015f\u0131m ara\u00e7lar\u0131nda kullan\u0131l\u0131r. \u015eekillerine, verimliliklerine ve uygulamalar\u0131na g\u00f6re \u00e7e\u015fitli s\u0131n\u0131fland\u0131rmalar \u00f6nerilmi\u015ftir ve motor ile \u015fanz\u0131man\u0131n d\u00f6n\u00fc\u015f y\u00f6n\u00fcne ba\u011fl\u0131 olarak kanat say\u0131lar\u0131 de\u011fi\u015fiklik g\u00f6sterir. \u0130lk olarak, deniz pervanesinin ve \u00e7e\u015fitli par\u00e7alar\u0131n\u0131n \u015fekli ve \u00f6zelliklerinin genel bir tan\u0131t\u0131m\u0131 gereklidir:<\/p>\t\t\t\t\t\t\t\t<\/div>\n\t\t\t\t<\/div>\n\t\t\t\t\t<\/div>\n\t\t\t\t<\/div>\n\t\t<div class=\"elementor-element elementor-element-979f4fd e-flex e-con-boxed e-con e-parent\" data-id=\"979f4fd\" data-element_type=\"container\">\n\t\t\t\t\t<div class=\"e-con-inner\">\n\t\t\t\t<div class=\"elementor-element elementor-element-b4ca23f elementor-widget elementor-widget-text-editor\" data-id=\"b4ca23f\" data-element_type=\"widget\" data-widget_type=\"text-editor.default\">\n\t\t\t\t<div class=\"elementor-widget-container\">\n\t\t\t\t\t\t\t\t\t<ul class=\"tight\" dir=\"ltr\" data-tight=\"true\" data-pm-slice=\"3 3 []\"><li><p dir=\"ltr\"><strong>\u00d6n kenar<\/strong>: Suya temas eden kanad\u0131n ilk k\u0131sm\u0131, y\u00fcksek h\u0131zda suyu kesmek i\u00e7in daha kal\u0131n ve dayan\u0131kl\u0131d\u0131r.<\/p><\/li><li><p dir=\"ltr\"><strong>Arka kenar<\/strong>: Suyun kanattan ayr\u0131ld\u0131\u011f\u0131 son k\u0131s\u0131m, bas\u0131n\u00e7 kayb\u0131n\u0131 ve girdaplar\u0131 en aza indirmek i\u00e7in daha incedir.<\/p><\/li><li><p dir=\"ltr\"><strong>\u0130\u00e7 g\u00f6vde<\/strong>: Pervaneyi kau\u00e7uk burca ve spline\u2019a ba\u011flayan k\u0131s\u0131m, kanat k\u00f6kleri daha kal\u0131n ve dayan\u0131kl\u0131d\u0131r.<\/p><\/li><li><p dir=\"ltr\"><strong>D\u0131\u015f g\u00f6vde<\/strong>: Kanatlar\u0131 ve k\u00f6klerini pervaneye ba\u011flayan ve suyla temas eden y\u00fczeydir.<\/p><\/li><li><p dir=\"ltr\"><strong>Kanat k\u00f6k\u00fc<\/strong>: Kanad\u0131n d\u0131\u015f g\u00f6vdeye ba\u011fland\u0131\u011f\u0131 nokta, dayan\u0131kl\u0131l\u0131k i\u00e7in tasarlanm\u0131\u015ft\u0131r.<\/p><\/li><li><p dir=\"ltr\"><strong>Kaburgalar<\/strong>: \u0130\u00e7 ve d\u0131\u015f g\u00f6vdeleri ba\u011flar, pervanenin a\u011f\u0131rl\u0131\u011f\u0131n\u0131 azalt\u0131r ve dayan\u0131kl\u0131l\u0131\u011f\u0131n\u0131 korur. Baz\u0131 pervanelerde kaburgalar aras\u0131ndaki bo\u015fluk, motordan \u00e7\u0131kan s\u0131cak egzoz gazlar\u0131n\u0131n ve kimyasallar\u0131n ge\u00e7i\u015fi i\u00e7in bir kanal olarak hizmet verir, a\u011f\u0131rl\u0131\u011f\u0131 azalt\u0131r ve dayan\u0131kl\u0131l\u0131\u011fa zarar vermez.<\/p><\/li><li><p dir=\"ltr\"><strong>Bas\u0131n\u00e7 y\u00fczeyi<\/strong>: D\u00f6n\u00fc\u015f s\u0131ras\u0131nda, pervanenin geometrisi nedeniyle, bu y\u00fczeyde suyun h\u0131z\u0131 azal\u0131r, statik bas\u0131n\u00e7 artar, bu nedenle bas\u0131n\u00e7 y\u00fczeyi olarak adland\u0131r\u0131l\u0131r.<\/p><\/li><li><p dir=\"ltr\"><strong>Dif\u00fcz\u00f6r halkas\u0131<\/strong>: Pervanenin arkas\u0131ndaki bas\u0131nc\u0131 azalt\u0131r, s\u0131cak gazlar\u0131n geri ak\u0131\u015f\u0131n\u0131 \u00f6nler.<\/p><\/li><li><p dir=\"ltr\"><strong>Kanat say\u0131s\u0131<\/strong>: Deniz pervanesine tak\u0131lan kanatlar\u0131n say\u0131s\u0131 de\u011fi\u015fir ve performans\u0131 etkileyen temel bir fakt\u00f6rd\u00fcr. Geni\u015f ara\u015ft\u0131rmalar yap\u0131lm\u0131\u015f ve kanat say\u0131s\u0131 ve t\u00fcr\u00fc \u00fczerine makaleler yay\u0131mlanm\u0131\u015ft\u0131r. Bu projede incelenen Yamaha-85 pervanesi 3 kanatl\u0131d\u0131r.<\/p><\/li><li><p dir=\"ltr\"><strong>Kanat profili<\/strong>: Kanad\u0131n \u015feklini inceledi\u011fimizde, belirli bir profile sahip oldu\u011fu g\u00f6r\u00fcl\u00fcr, u\u00e7ak kanatlar\u0131 ve helikopter rotor profillerine benzer, \u00e7\u00fcnk\u00fc benzer i\u015flevleri vard\u0131r: s\u0131v\u0131da (hava veya su) bir y\u00fczey \u00fczerinde bas\u0131n\u00e7 fark\u0131 yaratarak itme (gemilerde) veya kald\u0131rma (u\u00e7aklarda ve helikopterlerde) kuvveti \u00fcretmek. Kanatlar, e\u011fri ve b\u00fck\u00fclm\u00fc\u015f bir kesite sahip aerodinamik profile benzer \u015fekilde olmal\u0131d\u0131r, \u00e7\u00fcnk\u00fc bu, d\u00fcz kanatlara k\u0131yasla verimlili\u011fi art\u0131r\u0131r. D\u00fcz bir kanat, e\u011fri, konturlu ve b\u00fck\u00fclm\u00fc\u015f bir kanad\u0131n verimlili\u011fine sahip de\u011fildir.<\/p><\/li><li><p dir=\"ltr\"><strong>E\u011fiklik a\u00e7\u0131s\u0131 (Rake Angle)<\/strong>: Kanat ile kanat eksenine dik olan \u00e7izgi aras\u0131ndaki a\u00e7\u0131, \u015eekil 1.2\u2019de g\u00f6sterildi\u011fi gibi. Bu s\u0131f\u0131r, sabit (Flat Rake) veya de\u011fi\u015fken (Progressive Rake) olabilir. Daha y\u00fcksek e\u011fiklik a\u00e7\u0131s\u0131na sahip kanatlar genellikle daha fazla h\u0131z ve itme sa\u011flar. Daha iyi performansa sahip pervaneler genellikle 20-30 derece e\u011fiklik a\u00e7\u0131s\u0131na sahiptir. \u0130ncelenen Yamaha-85 pervanesinin e\u011fiklik a\u00e7\u0131s\u0131 yakla\u015f\u0131k 15 derecedir.<\/p><\/li><\/ul>\t\t\t\t\t\t\t\t<\/div>\n\t\t\t\t<\/div>\n\t\t\t\t\t<\/div>\n\t\t\t\t<\/div>\n\t\t<div class=\"elementor-element elementor-element-3d3ee3d e-flex e-con-boxed e-con e-parent\" data-id=\"3d3ee3d\" data-element_type=\"container\">\n\t\t\t\t\t<div class=\"e-con-inner\">\n\t\t\t\t<div class=\"elementor-element elementor-element-c1e7003 elementor-widget elementor-widget-image\" data-id=\"c1e7003\" data-element_type=\"widget\" data-widget_type=\"image.default\">\n\t\t\t\t<div class=\"elementor-widget-container\">\n\t\t\t\t\t\t\t\t\t\t\t\t\t\t\t<img fetchpriority=\"high\" decoding=\"async\" width=\"780\" height=\"397\" src=\"https:\/\/immp.co\/wp-content\/uploads\/2025\/07\/Picture1-1.png\" class=\"attachment-large size-large wp-image-6647\" alt=\"\" srcset=\"https:\/\/immp.co\/wp-content\/uploads\/2025\/07\/Picture1-1.png 780w, https:\/\/immp.co\/wp-content\/uploads\/2025\/07\/Picture1-1-300x153.png 300w, https:\/\/immp.co\/wp-content\/uploads\/2025\/07\/Picture1-1-768x391.png 768w\" sizes=\"(max-width: 780px) 100vw, 780px\" \/>\t\t\t\t\t\t\t\t\t\t\t\t\t\t\t<\/div>\n\t\t\t\t<\/div>\n\t\t\t\t\t<\/div>\n\t\t\t\t<\/div>\n\t\t<div class=\"elementor-element elementor-element-ea2266a e-flex e-con-boxed e-con e-parent\" data-id=\"ea2266a\" data-element_type=\"container\">\n\t\t\t\t\t<div class=\"e-con-inner\">\n\t\t\t\t<div class=\"elementor-element elementor-element-d45151e elementor-widget elementor-widget-text-editor\" data-id=\"d45151e\" data-element_type=\"widget\" data-widget_type=\"text-editor.default\">\n\t\t\t\t<div class=\"elementor-widget-container\">\n\t\t\t\t\t\t\t\t\t<ul><li data-pm-slice=\"2 4 [&quot;bulletList&quot;,{&quot;tight&quot;:true,&quot;dir&quot;:&quot;ltr&quot;}]\"><p dir=\"ltr\"><strong>\u00c7arp\u0131kl\u0131k a\u00e7\u0131s\u0131 (Skew Angle)<\/strong>: T\u00fcm kanat kesitlerinin merkezlerinden ge\u00e7en \u00e7izgi ile kanat k\u00f6k\u00fcne te\u011fet olan \u00e7izgi aras\u0131ndaki a\u00e7\u0131. \u00c7arp\u0131kl\u0131k a\u00e7\u0131s\u0131 a\u015fa\u011f\u0131daki gibi \u00fcretilebilir:<\/p><ul class=\"tight\" dir=\"ltr\" data-tight=\"true\"><li><p dir=\"ltr\"><strong>\u00c7arp\u0131ks\u0131z (No Skew)<\/strong>: E\u011fer t\u00fcm kesitlerin merkezlerinden ge\u00e7en \u00e7izgi ba\u015flang\u0131\u00e7 noktas\u0131ndan (kanat k\u00f6k\u00fc) son noktaya (kanat ucu) d\u00fcz bir hat boyunca hareket ederse ve herhangi bir e\u011frilik veya y\u00f6n de\u011fi\u015fikli\u011fi olmadan, bu \u00e7arp\u0131ks\u0131z pervane olarak adland\u0131r\u0131l\u0131r (\u015eekil 1.3).<\/p><\/li><\/ul><\/li><li data-pm-slice=\"2 4 [&quot;bulletList&quot;,{&quot;tight&quot;:true,&quot;dir&quot;:&quot;ltr&quot;}]\"><img decoding=\"async\" class=\"alignnone size-full wp-image-6656\" src=\"https:\/\/immp.co\/wp-content\/uploads\/2025\/07\/Picture1-2.png\" alt=\"\" width=\"166\" height=\"297\" \/>\u00a0<ul class=\"tight\" dir=\"ltr\" data-tight=\"true\"><li><p dir=\"ltr\"><strong>Dengeli \u00e7arp\u0131kl\u0131k (Balanced Skew)<\/strong>: E\u011fer t\u00fcm kesitlerin merkezlerinden ge\u00e7en \u00e7izgi kanat k\u00f6k\u00fcnden ucuna kadar y\u00f6n de\u011fi\u015ftirirse, \u00f6nce d\u00f6n\u00fc\u015f y\u00f6n\u00fcne, sonra tersine e\u011filirse, bu dengeli \u00e7arp\u0131kl\u0131k pervanesi olarak adland\u0131r\u0131l\u0131r (\u015eekil 1.4).<\/p><\/li><\/ul><\/li><li data-pm-slice=\"2 4 [&quot;bulletList&quot;,{&quot;tight&quot;:true,&quot;dir&quot;:&quot;ltr&quot;}]\"><img decoding=\"async\" class=\"alignnone size-full wp-image-6665\" src=\"https:\/\/immp.co\/wp-content\/uploads\/2025\/07\/Picture1-3.png\" alt=\"\" width=\"200\" height=\"200\" srcset=\"https:\/\/immp.co\/wp-content\/uploads\/2025\/07\/Picture1-3.png 200w, https:\/\/immp.co\/wp-content\/uploads\/2025\/07\/Picture1-3-150x150.png 150w\" sizes=\"(max-width: 200px) 100vw, 200px\" \/>\u00a0<ul class=\"tight\" dir=\"ltr\" data-tight=\"true\"><li><p dir=\"ltr\"><strong>Y\u00f6nl\u00fc \u00e7arp\u0131kl\u0131k (Biased Skew)<\/strong>: E\u011fer t\u00fcm kesitlerin merkezlerinden ge\u00e7en \u00e7izgi ba\u015flang\u0131\u00e7 noktas\u0131ndan son noktaya kadar y\u00f6n de\u011fi\u015ftirmeden, d\u00f6n\u00fc\u015f y\u00f6n\u00fcn\u00fcn tersine e\u011filirse, bu y\u00f6nl\u00fc \u00e7arp\u0131kl\u0131k pervanesi olarak adland\u0131r\u0131l\u0131r (\u015eekil 1.5).<\/p><\/li><\/ul><\/li><li><img loading=\"lazy\" decoding=\"async\" class=\"alignnone size-full wp-image-6674\" src=\"https:\/\/immp.co\/wp-content\/uploads\/2025\/07\/Picture1-4.png\" alt=\"\" width=\"173\" height=\"187\" \/><\/li><\/ul>\t\t\t\t\t\t\t\t<\/div>\n\t\t\t\t<\/div>\n\t\t\t\t\t<\/div>\n\t\t\t\t<\/div>\n\t\t<div class=\"elementor-element elementor-element-8ff97c8 e-flex e-con-boxed e-con e-parent\" data-id=\"8ff97c8\" data-element_type=\"container\">\n\t\t\t\t\t<div class=\"e-con-inner\">\n\t\t\t\t<div class=\"elementor-element elementor-element-4a0d357 elementor-widget elementor-widget-text-editor\" data-id=\"4a0d357\" data-element_type=\"widget\" data-widget_type=\"text-editor.default\">\n\t\t\t\t<div class=\"elementor-widget-container\">\n\t\t\t\t\t\t\t\t\t<p dir=\"ltr\" data-pm-slice=\"1 1 []\">Genellikle, \u00e7arp\u0131kl\u0131k a\u00e7\u0131s\u0131 25 dereceden fazlaysa, pervane y\u00fcksek \u00e7arp\u0131kl\u0131k pervanesi (High Skew Propeller) olarak adland\u0131r\u0131l\u0131r. A\u015fa\u011f\u0131daki s\u0131n\u0131fland\u0131rma, farkl\u0131 \u00e7arp\u0131kl\u0131k a\u00e7\u0131lar\u0131n\u0131n ve bunlar\u0131n pervane \u015fekline etkilerinin tart\u0131\u015fmas\u0131d\u0131r:<\/p>\t\t\t\t\t\t\t\t<\/div>\n\t\t\t\t<\/div>\n\t\t\t\t\t<\/div>\n\t\t\t\t<\/div>\n\t\t<div class=\"elementor-element elementor-element-8e59812 e-flex e-con-boxed e-con e-parent\" data-id=\"8e59812\" data-element_type=\"container\">\n\t\t\t\t\t<div class=\"e-con-inner\">\n\t\t\t\t<div class=\"elementor-element elementor-element-306e9e9 elementor-widget elementor-widget-image\" data-id=\"306e9e9\" data-element_type=\"widget\" data-widget_type=\"image.default\">\n\t\t\t\t<div class=\"elementor-widget-container\">\n\t\t\t\t\t\t\t\t\t\t\t\t\t\t\t<img loading=\"lazy\" decoding=\"async\" width=\"800\" height=\"196\" src=\"https:\/\/immp.co\/wp-content\/uploads\/2025\/07\/Picture1-5.png\" class=\"attachment-large size-large wp-image-6683\" alt=\"\" srcset=\"https:\/\/immp.co\/wp-content\/uploads\/2025\/07\/Picture1-5.png 867w, https:\/\/immp.co\/wp-content\/uploads\/2025\/07\/Picture1-5-300x73.png 300w, https:\/\/immp.co\/wp-content\/uploads\/2025\/07\/Picture1-5-768x188.png 768w\" sizes=\"(max-width: 800px) 100vw, 800px\" \/>\t\t\t\t\t\t\t\t\t\t\t\t\t\t\t<\/div>\n\t\t\t\t<\/div>\n\t\t\t\t\t<\/div>\n\t\t\t\t<\/div>\n\t\t<div class=\"elementor-element elementor-element-59d03f5 e-flex e-con-boxed e-con e-parent\" data-id=\"59d03f5\" data-element_type=\"container\">\n\t\t\t\t\t<div class=\"e-con-inner\">\n\t\t\t\t<div class=\"elementor-element elementor-element-e02e2d0 elementor-widget elementor-widget-text-editor\" data-id=\"e02e2d0\" data-element_type=\"widget\" data-widget_type=\"text-editor.default\">\n\t\t\t\t<div class=\"elementor-widget-container\">\n\t\t\t\t\t\t\t\t\t<p dir=\"ltr\" data-pm-slice=\"1 1 [&quot;table&quot;,{},&quot;tableRow&quot;,{},&quot;tableCell&quot;,{&quot;colspan&quot;:1,&quot;rowspan&quot;:1,&quot;colwidth&quot;:null}]\">Y\u00fcksek \u00e7arp\u0131kl\u0131k pervaneleri, kavitasyondan kaynaklanan bas\u0131n\u00e7 darbelerini ortadan kald\u0131rmak i\u00e7in tasarlanm\u0131\u015ft\u0131r. Bu teknikle pervane titre\u015fimleri, \u00e7arp\u0131ks\u0131z pervanelere k\u0131yasla %30\u2019a kadar azal\u0131r. \u00c7arp\u0131kl\u0131k a\u00e7\u0131s\u0131n\u0131n verimlili\u011fe etkisi yoktur, ancak titre\u015fimleri azalt\u0131r, bu da askeri denizalt\u0131lar ve g\u00f6rev s\u0131ras\u0131nda minimum g\u00fcr\u00fclt\u00fc gerektiren di\u011fer gemiler i\u00e7in \u00f6nemlidir.<\/p>\t\t\t\t\t\t\t\t<\/div>\n\t\t\t\t<\/div>\n\t\t\t\t\t<\/div>\n\t\t\t\t<\/div>\n\t\t<div class=\"elementor-element elementor-element-4eab874 e-flex e-con-boxed e-con e-parent\" data-id=\"4eab874\" data-element_type=\"container\">\n\t\t\t\t\t<div class=\"e-con-inner\">\n\t\t\t\t<div class=\"elementor-element elementor-element-103c9b4 elementor-widget elementor-widget-image\" data-id=\"103c9b4\" data-element_type=\"widget\" data-widget_type=\"image.default\">\n\t\t\t\t<div class=\"elementor-widget-container\">\n\t\t\t\t\t\t\t\t\t\t\t\t\t\t\t<img loading=\"lazy\" decoding=\"async\" width=\"468\" height=\"315\" src=\"https:\/\/immp.co\/wp-content\/uploads\/2025\/07\/Picture1-6.png\" class=\"attachment-large size-large wp-image-6693\" alt=\"\" srcset=\"https:\/\/immp.co\/wp-content\/uploads\/2025\/07\/Picture1-6.png 468w, https:\/\/immp.co\/wp-content\/uploads\/2025\/07\/Picture1-6-300x202.png 300w\" sizes=\"(max-width: 468px) 100vw, 468px\" \/>\t\t\t\t\t\t\t\t\t\t\t\t\t\t\t<\/div>\n\t\t\t\t<\/div>\n\t\t\t\t\t<\/div>\n\t\t\t\t<\/div>\n\t\t<div class=\"elementor-element elementor-element-fbc4912 e-flex e-con-boxed e-con e-parent\" data-id=\"fbc4912\" data-element_type=\"container\">\n\t\t\t\t\t<div class=\"e-con-inner\">\n\t\t\t\t<div class=\"elementor-element elementor-element-30561d8 elementor-widget elementor-widget-text-editor\" data-id=\"30561d8\" data-element_type=\"widget\" data-widget_type=\"text-editor.default\">\n\t\t\t\t<div class=\"elementor-widget-container\">\n\t\t\t\t\t\t\t\t\t<ul dir=\"ltr\" data-pm-slice=\"3 3 []\"><li><p dir=\"ltr\"><strong>Kapl\u0131 Pervane (Cupped Propeller)<\/strong>: \u015eekil 1.6\u2019da g\u00f6sterildi\u011fi gibi, bu \u00f6zellik kanat ucunda fincan benzeri bir e\u011friliktir, bu nedenle kapl\u0131 olarak adland\u0131r\u0131l\u0131r. Kapl\u0131 pervaneler, h\u0131zlanma ve d\u00f6n\u00fc\u015f s\u0131ras\u0131nda suyun pervaneye daha iyi yap\u0131\u015fmas\u0131 nedeniyle daha iyi kontrol sa\u011flar ve maksimum h\u0131z s\u0131n\u0131r\u0131n\u0131 art\u0131r\u0131r. Genel olarak, kaplama pervane verimlili\u011fini ve performans\u0131n\u0131 art\u0131r\u0131r. Bu projede incelenen Yamaha-85 pervanesi kaps\u0131z bir pervanedir.<\/p><\/li><li><p dir=\"ltr\"><strong>D\u00f6n\u00fc\u015f y\u00f6n\u00fc<\/strong>: Pervane saat y\u00f6n\u00fcnde (sa\u011f d\u00f6n\u00fc\u015f) veya saat y\u00f6n\u00fcn\u00fcn tersine (sol d\u00f6n\u00fc\u015f) d\u00f6nebilir, bu pervane y\u00fczeyinden bak\u0131larak belirlenir (\u015eekil 1.7). Yamaha-85 pervanesi sa\u011f d\u00f6n\u00fc\u015fl\u00fcd\u00fcr.<\/p><\/li><\/ul>\t\t\t\t\t\t\t\t<\/div>\n\t\t\t\t<\/div>\n\t\t\t\t\t<\/div>\n\t\t\t\t<\/div>\n\t\t<div class=\"elementor-element elementor-element-5684038 e-flex e-con-boxed e-con e-parent\" data-id=\"5684038\" data-element_type=\"container\">\n\t\t\t\t\t<div class=\"e-con-inner\">\n\t\t\t\t<div class=\"elementor-element elementor-element-6e78f92 elementor-widget elementor-widget-image\" data-id=\"6e78f92\" data-element_type=\"widget\" data-widget_type=\"image.default\">\n\t\t\t\t<div class=\"elementor-widget-container\">\n\t\t\t\t\t\t\t\t\t\t\t\t\t\t\t<img loading=\"lazy\" decoding=\"async\" width=\"202\" height=\"189\" src=\"https:\/\/immp.co\/wp-content\/uploads\/2025\/07\/Picture1-7.png\" class=\"attachment-large size-large wp-image-6702\" alt=\"\" \/>\t\t\t\t\t\t\t\t\t\t\t\t\t\t\t<\/div>\n\t\t\t\t<\/div>\n\t\t\t\t\t<\/div>\n\t\t\t\t<\/div>\n\t\t<div class=\"elementor-element elementor-element-0400d42 e-flex e-con-boxed e-con e-parent\" data-id=\"0400d42\" data-element_type=\"container\">\n\t\t\t\t\t<div class=\"e-con-inner\">\n\t\t\t\t<div class=\"elementor-element elementor-element-44982a9 elementor-widget elementor-widget-text-editor\" data-id=\"44982a9\" data-element_type=\"widget\" data-widget_type=\"text-editor.default\">\n\t\t\t\t<div class=\"elementor-widget-container\">\n\t\t\t\t\t\t\t\t\t<p dir=\"ltr\" data-pm-slice=\"1 1 []\">\u0130ki pervaneli gemilerde, sa\u011f pervane genellikle saat y\u00f6n\u00fcnde, sol pervane ise saat y\u00f6n\u00fcn\u00fcn tersine d\u00f6ner, b\u00f6ylece torklar dengelenir. Baz\u0131 gemilerde pervanenin ters d\u00f6n\u00fc\u015f\u00fcyle geri hareket (ters itme kuvveti \u00fcretme ko\u015fuluyla) m\u00fcmk\u00fcnd\u00fcr, ancak bu burada tart\u0131\u015f\u0131lmaz.<\/p>\t\t\t\t\t\t\t\t<\/div>\n\t\t\t\t<\/div>\n\t\t\t\t\t<\/div>\n\t\t\t\t<\/div>\n\t\t\t\t<\/div>\n\t\t","protected":false},"excerpt":{"rendered":"<p>Giri\u015f\u0130nsan toplumlar\u0131n\u0131n b\u00fcy\u00fcmesi ve bunun sonucunda g\u0131da ve kaynaklara artan ihtiya\u00e7, ayr\u0131ca i\u015f yaratma ve gelir kaynaklar\u0131, t\u00fcm \u00fclkeler, \u00f6zellikle denizlere ve su kaynaklar\u0131na eri\u015fimi olan \u00fclkeler i\u00e7in deniz f\u0131rsatlar\u0131ndan ve kaynaklar\u0131ndan (g\u0131da, petrol, mineraller vb.) yararlanmay\u0131 \u00f6ncelik haline getirmi\u015ftir. Herhangi bir alanda deniz end\u00fcstrisinin geli\u015ftirilmesi, denizin, f\u0131rsatlar\u0131n\u0131n ve zorluklar\u0131n\u0131n derinlemesine anla\u015f\u0131lmas\u0131n\u0131 gerektirir. Bu anlay\u0131\u015f, [&hellip;]<\/p>\n","protected":false},"author":3,"featured_media":6647,"comment_status":"open","ping_status":"open","sticky":false,"template":"","format":"standard","meta":{"footnotes":""},"categories":[47],"tags":[],"class_list":["post-6754","post","type-post","status-publish","format-standard","has-post-thumbnail","hentry","category-uncategorized-tr"],"yoast_head":"<!-- This site is optimized with the Yoast SEO plugin v22.9 - https:\/\/yoast.com\/wordpress\/plugins\/seo\/ -->\n<title>Deniz Pervaneleri Literat\u00fcr\u00fc ve Deniz Pervanesinin T\u00fcm Par\u00e7alar\u0131n\u0131n Tan\u0131t\u0131m\u0131 - mazandaran mariene propeller<\/title>\n<meta name=\"robots\" content=\"index, follow, max-snippet:-1, max-image-preview:large, max-video-preview:-1\" \/>\n<link rel=\"canonical\" href=\"https:\/\/immp.co\/tr\/deniz-pervaneleri-literaturu-ve-deniz-pervanesinin-tum-parcalarinin-tanitimi\/\" \/>\n<meta property=\"og:locale\" content=\"tr_TR\" \/>\n<meta property=\"og:type\" content=\"article\" \/>\n<meta property=\"og:title\" content=\"Deniz Pervaneleri Literat\u00fcr\u00fc ve Deniz Pervanesinin T\u00fcm Par\u00e7alar\u0131n\u0131n Tan\u0131t\u0131m\u0131 - mazandaran mariene propeller\" \/>\n<meta property=\"og:description\" content=\"Giri\u015f\u0130nsan toplumlar\u0131n\u0131n b\u00fcy\u00fcmesi ve bunun sonucunda g\u0131da ve kaynaklara artan ihtiya\u00e7, ayr\u0131ca i\u015f yaratma ve gelir kaynaklar\u0131, t\u00fcm \u00fclkeler, \u00f6zellikle denizlere ve su kaynaklar\u0131na eri\u015fimi olan \u00fclkeler i\u00e7in deniz f\u0131rsatlar\u0131ndan ve kaynaklar\u0131ndan (g\u0131da, petrol, mineraller vb.) yararlanmay\u0131 \u00f6ncelik haline getirmi\u015ftir. Herhangi bir alanda deniz end\u00fcstrisinin geli\u015ftirilmesi, denizin, f\u0131rsatlar\u0131n\u0131n ve zorluklar\u0131n\u0131n derinlemesine anla\u015f\u0131lmas\u0131n\u0131 gerektirir. Bu anlay\u0131\u015f, [&hellip;]\" \/>\n<meta property=\"og:url\" content=\"https:\/\/immp.co\/tr\/deniz-pervaneleri-literaturu-ve-deniz-pervanesinin-tum-parcalarinin-tanitimi\/\" \/>\n<meta property=\"og:site_name\" content=\"mazandaran mariene propeller\" \/>\n<meta property=\"article:published_time\" content=\"2025-07-21T09:23:36+00:00\" \/>\n<meta property=\"article:modified_time\" content=\"2025-07-21T09:26:54+00:00\" \/>\n<meta property=\"og:image\" content=\"https:\/\/immp.co\/wp-content\/uploads\/2025\/07\/Picture1-1.png\" \/>\n\t<meta property=\"og:image:width\" content=\"780\" \/>\n\t<meta property=\"og:image:height\" content=\"397\" \/>\n\t<meta property=\"og:image:type\" content=\"image\/png\" \/>\n<meta name=\"author\" content=\"\u0639\u0644\u06cc\u0631\u0636\u0627 \u0627\u0642\u0628\u0627\u0644\u06cc\" \/>\n<meta name=\"twitter:card\" content=\"summary_large_image\" \/>\n<meta name=\"twitter:label1\" content=\"Yazan:\" \/>\n\t<meta name=\"twitter:data1\" content=\"\u0639\u0644\u06cc\u0631\u0636\u0627 \u0627\u0642\u0628\u0627\u0644\u06cc\" \/>\n\t<meta name=\"twitter:label2\" content=\"Tahmini okuma s\u00fcresi\" \/>\n\t<meta name=\"twitter:data2\" content=\"8 dakika\" \/>\n<script type=\"application\/ld+json\" class=\"yoast-schema-graph\">{\"@context\":\"https:\/\/schema.org\",\"@graph\":[{\"@type\":\"Article\",\"@id\":\"https:\/\/immp.co\/tr\/deniz-pervaneleri-literaturu-ve-deniz-pervanesinin-tum-parcalarinin-tanitimi\/#article\",\"isPartOf\":{\"@id\":\"https:\/\/immp.co\/tr\/deniz-pervaneleri-literaturu-ve-deniz-pervanesinin-tum-parcalarinin-tanitimi\/\"},\"author\":{\"name\":\"\u0639\u0644\u06cc\u0631\u0636\u0627 \u0627\u0642\u0628\u0627\u0644\u06cc\",\"@id\":\"https:\/\/immp.co\/#\/schema\/person\/e0634c48016fbeac184a6fd5a369b6bb\"},\"headline\":\"Deniz Pervaneleri Literat\u00fcr\u00fc ve Deniz Pervanesinin T\u00fcm Par\u00e7alar\u0131n\u0131n Tan\u0131t\u0131m\u0131\",\"datePublished\":\"2025-07-21T09:23:36+00:00\",\"dateModified\":\"2025-07-21T09:26:54+00:00\",\"mainEntityOfPage\":{\"@id\":\"https:\/\/immp.co\/tr\/deniz-pervaneleri-literaturu-ve-deniz-pervanesinin-tum-parcalarinin-tanitimi\/\"},\"wordCount\":1432,\"commentCount\":0,\"publisher\":{\"@id\":\"https:\/\/immp.co\/#organization\"},\"image\":{\"@id\":\"https:\/\/immp.co\/tr\/deniz-pervaneleri-literaturu-ve-deniz-pervanesinin-tum-parcalarinin-tanitimi\/#primaryimage\"},\"thumbnailUrl\":\"https:\/\/immp.co\/wp-content\/uploads\/2025\/07\/Picture1-1.png\",\"articleSection\":[\"Uncategorized @tr\"],\"inLanguage\":\"tr\",\"potentialAction\":[{\"@type\":\"CommentAction\",\"name\":\"Comment\",\"target\":[\"https:\/\/immp.co\/tr\/deniz-pervaneleri-literaturu-ve-deniz-pervanesinin-tum-parcalarinin-tanitimi\/#respond\"]}]},{\"@type\":\"WebPage\",\"@id\":\"https:\/\/immp.co\/tr\/deniz-pervaneleri-literaturu-ve-deniz-pervanesinin-tum-parcalarinin-tanitimi\/\",\"url\":\"https:\/\/immp.co\/tr\/deniz-pervaneleri-literaturu-ve-deniz-pervanesinin-tum-parcalarinin-tanitimi\/\",\"name\":\"Deniz Pervaneleri Literat\u00fcr\u00fc ve Deniz Pervanesinin T\u00fcm Par\u00e7alar\u0131n\u0131n Tan\u0131t\u0131m\u0131 - mazandaran mariene propeller\",\"isPartOf\":{\"@id\":\"https:\/\/immp.co\/#website\"},\"primaryImageOfPage\":{\"@id\":\"https:\/\/immp.co\/tr\/deniz-pervaneleri-literaturu-ve-deniz-pervanesinin-tum-parcalarinin-tanitimi\/#primaryimage\"},\"image\":{\"@id\":\"https:\/\/immp.co\/tr\/deniz-pervaneleri-literaturu-ve-deniz-pervanesinin-tum-parcalarinin-tanitimi\/#primaryimage\"},\"thumbnailUrl\":\"https:\/\/immp.co\/wp-content\/uploads\/2025\/07\/Picture1-1.png\",\"datePublished\":\"2025-07-21T09:23:36+00:00\",\"dateModified\":\"2025-07-21T09:26:54+00:00\",\"breadcrumb\":{\"@id\":\"https:\/\/immp.co\/tr\/deniz-pervaneleri-literaturu-ve-deniz-pervanesinin-tum-parcalarinin-tanitimi\/#breadcrumb\"},\"inLanguage\":\"tr\",\"potentialAction\":[{\"@type\":\"ReadAction\",\"target\":[\"https:\/\/immp.co\/tr\/deniz-pervaneleri-literaturu-ve-deniz-pervanesinin-tum-parcalarinin-tanitimi\/\"]}]},{\"@type\":\"ImageObject\",\"inLanguage\":\"tr\",\"@id\":\"https:\/\/immp.co\/tr\/deniz-pervaneleri-literaturu-ve-deniz-pervanesinin-tum-parcalarinin-tanitimi\/#primaryimage\",\"url\":\"https:\/\/immp.co\/wp-content\/uploads\/2025\/07\/Picture1-1.png\",\"contentUrl\":\"https:\/\/immp.co\/wp-content\/uploads\/2025\/07\/Picture1-1.png\",\"width\":780,\"height\":397},{\"@type\":\"BreadcrumbList\",\"@id\":\"https:\/\/immp.co\/tr\/deniz-pervaneleri-literaturu-ve-deniz-pervanesinin-tum-parcalarinin-tanitimi\/#breadcrumb\",\"itemListElement\":[{\"@type\":\"ListItem\",\"position\":1,\"name\":\"\u062e\u0627\u0646\u0647\",\"item\":\"https:\/\/immp.co\/az\/\"},{\"@type\":\"ListItem\",\"position\":2,\"name\":\"Deniz Pervaneleri Literat\u00fcr\u00fc ve Deniz Pervanesinin T\u00fcm Par\u00e7alar\u0131n\u0131n Tan\u0131t\u0131m\u0131\"}]},{\"@type\":\"WebSite\",\"@id\":\"https:\/\/immp.co\/#website\",\"url\":\"https:\/\/immp.co\/\",\"name\":\"mazandaran mariene propeller\",\"description\":\"\",\"publisher\":{\"@id\":\"https:\/\/immp.co\/#organization\"},\"potentialAction\":[{\"@type\":\"SearchAction\",\"target\":{\"@type\":\"EntryPoint\",\"urlTemplate\":\"https:\/\/immp.co\/?s={search_term_string}\"},\"query-input\":\"required name=search_term_string\"}],\"inLanguage\":\"tr\"},{\"@type\":\"Organization\",\"@id\":\"https:\/\/immp.co\/#organization\",\"name\":\"mazandaran mariene propeller\",\"url\":\"https:\/\/immp.co\/\",\"logo\":{\"@type\":\"ImageObject\",\"inLanguage\":\"tr\",\"@id\":\"https:\/\/immp.co\/#\/schema\/logo\/image\/\",\"url\":\"https:\/\/immp.co\/wp-content\/uploads\/2024\/06\/IMG_20240625_160657_076-e1719486538267_prev_ui-e1724165564263.png\",\"contentUrl\":\"https:\/\/immp.co\/wp-content\/uploads\/2024\/06\/IMG_20240625_160657_076-e1719486538267_prev_ui-e1724165564263.png\",\"width\":100,\"height\":100,\"caption\":\"mazandaran mariene propeller\"},\"image\":{\"@id\":\"https:\/\/immp.co\/#\/schema\/logo\/image\/\"}},{\"@type\":\"Person\",\"@id\":\"https:\/\/immp.co\/#\/schema\/person\/e0634c48016fbeac184a6fd5a369b6bb\",\"name\":\"\u0639\u0644\u06cc\u0631\u0636\u0627 \u0627\u0642\u0628\u0627\u0644\u06cc\",\"image\":{\"@type\":\"ImageObject\",\"inLanguage\":\"tr\",\"@id\":\"https:\/\/immp.co\/#\/schema\/person\/image\/\",\"url\":\"https:\/\/secure.gravatar.com\/avatar\/07fb8693fa83eba7ef7e44d39322aa11f11fd781ec8068673781647df3d637b5?s=96&d=mm&r=g\",\"contentUrl\":\"https:\/\/secure.gravatar.com\/avatar\/07fb8693fa83eba7ef7e44d39322aa11f11fd781ec8068673781647df3d637b5?s=96&d=mm&r=g\",\"caption\":\"\u0639\u0644\u06cc\u0631\u0636\u0627 \u0627\u0642\u0628\u0627\u0644\u06cc\"},\"sameAs\":[\"https:\/\/immp.co\/\"],\"url\":\"https:\/\/immp.co\/tr\/author\/pluxdev_11\/\"}]}<\/script>\n<!-- \/ Yoast SEO plugin. -->","yoast_head_json":{"title":"Deniz Pervaneleri Literat\u00fcr\u00fc ve Deniz Pervanesinin T\u00fcm Par\u00e7alar\u0131n\u0131n Tan\u0131t\u0131m\u0131 - mazandaran mariene propeller","robots":{"index":"index","follow":"follow","max-snippet":"max-snippet:-1","max-image-preview":"max-image-preview:large","max-video-preview":"max-video-preview:-1"},"canonical":"https:\/\/immp.co\/tr\/deniz-pervaneleri-literaturu-ve-deniz-pervanesinin-tum-parcalarinin-tanitimi\/","og_locale":"tr_TR","og_type":"article","og_title":"Deniz Pervaneleri Literat\u00fcr\u00fc ve Deniz Pervanesinin T\u00fcm Par\u00e7alar\u0131n\u0131n Tan\u0131t\u0131m\u0131 - mazandaran mariene propeller","og_description":"Giri\u015f\u0130nsan toplumlar\u0131n\u0131n b\u00fcy\u00fcmesi ve bunun sonucunda g\u0131da ve kaynaklara artan ihtiya\u00e7, ayr\u0131ca i\u015f yaratma ve gelir kaynaklar\u0131, t\u00fcm \u00fclkeler, \u00f6zellikle denizlere ve su kaynaklar\u0131na eri\u015fimi olan \u00fclkeler i\u00e7in deniz f\u0131rsatlar\u0131ndan ve kaynaklar\u0131ndan (g\u0131da, petrol, mineraller vb.) yararlanmay\u0131 \u00f6ncelik haline getirmi\u015ftir. Herhangi bir alanda deniz end\u00fcstrisinin geli\u015ftirilmesi, denizin, f\u0131rsatlar\u0131n\u0131n ve zorluklar\u0131n\u0131n derinlemesine anla\u015f\u0131lmas\u0131n\u0131 gerektirir. Bu anlay\u0131\u015f, [&hellip;]","og_url":"https:\/\/immp.co\/tr\/deniz-pervaneleri-literaturu-ve-deniz-pervanesinin-tum-parcalarinin-tanitimi\/","og_site_name":"mazandaran mariene propeller","article_published_time":"2025-07-21T09:23:36+00:00","article_modified_time":"2025-07-21T09:26:54+00:00","og_image":[{"width":780,"height":397,"url":"https:\/\/immp.co\/wp-content\/uploads\/2025\/07\/Picture1-1.png","type":"image\/png"}],"author":"\u0639\u0644\u06cc\u0631\u0636\u0627 \u0627\u0642\u0628\u0627\u0644\u06cc","twitter_card":"summary_large_image","twitter_misc":{"Yazan:":"\u0639\u0644\u06cc\u0631\u0636\u0627 \u0627\u0642\u0628\u0627\u0644\u06cc","Tahmini okuma s\u00fcresi":"8 dakika"},"schema":{"@context":"https:\/\/schema.org","@graph":[{"@type":"Article","@id":"https:\/\/immp.co\/tr\/deniz-pervaneleri-literaturu-ve-deniz-pervanesinin-tum-parcalarinin-tanitimi\/#article","isPartOf":{"@id":"https:\/\/immp.co\/tr\/deniz-pervaneleri-literaturu-ve-deniz-pervanesinin-tum-parcalarinin-tanitimi\/"},"author":{"name":"\u0639\u0644\u06cc\u0631\u0636\u0627 \u0627\u0642\u0628\u0627\u0644\u06cc","@id":"https:\/\/immp.co\/#\/schema\/person\/e0634c48016fbeac184a6fd5a369b6bb"},"headline":"Deniz Pervaneleri Literat\u00fcr\u00fc ve Deniz Pervanesinin T\u00fcm Par\u00e7alar\u0131n\u0131n Tan\u0131t\u0131m\u0131","datePublished":"2025-07-21T09:23:36+00:00","dateModified":"2025-07-21T09:26:54+00:00","mainEntityOfPage":{"@id":"https:\/\/immp.co\/tr\/deniz-pervaneleri-literaturu-ve-deniz-pervanesinin-tum-parcalarinin-tanitimi\/"},"wordCount":1432,"commentCount":0,"publisher":{"@id":"https:\/\/immp.co\/#organization"},"image":{"@id":"https:\/\/immp.co\/tr\/deniz-pervaneleri-literaturu-ve-deniz-pervanesinin-tum-parcalarinin-tanitimi\/#primaryimage"},"thumbnailUrl":"https:\/\/immp.co\/wp-content\/uploads\/2025\/07\/Picture1-1.png","articleSection":["Uncategorized @tr"],"inLanguage":"tr","potentialAction":[{"@type":"CommentAction","name":"Comment","target":["https:\/\/immp.co\/tr\/deniz-pervaneleri-literaturu-ve-deniz-pervanesinin-tum-parcalarinin-tanitimi\/#respond"]}]},{"@type":"WebPage","@id":"https:\/\/immp.co\/tr\/deniz-pervaneleri-literaturu-ve-deniz-pervanesinin-tum-parcalarinin-tanitimi\/","url":"https:\/\/immp.co\/tr\/deniz-pervaneleri-literaturu-ve-deniz-pervanesinin-tum-parcalarinin-tanitimi\/","name":"Deniz Pervaneleri Literat\u00fcr\u00fc ve Deniz Pervanesinin T\u00fcm Par\u00e7alar\u0131n\u0131n Tan\u0131t\u0131m\u0131 - mazandaran mariene propeller","isPartOf":{"@id":"https:\/\/immp.co\/#website"},"primaryImageOfPage":{"@id":"https:\/\/immp.co\/tr\/deniz-pervaneleri-literaturu-ve-deniz-pervanesinin-tum-parcalarinin-tanitimi\/#primaryimage"},"image":{"@id":"https:\/\/immp.co\/tr\/deniz-pervaneleri-literaturu-ve-deniz-pervanesinin-tum-parcalarinin-tanitimi\/#primaryimage"},"thumbnailUrl":"https:\/\/immp.co\/wp-content\/uploads\/2025\/07\/Picture1-1.png","datePublished":"2025-07-21T09:23:36+00:00","dateModified":"2025-07-21T09:26:54+00:00","breadcrumb":{"@id":"https:\/\/immp.co\/tr\/deniz-pervaneleri-literaturu-ve-deniz-pervanesinin-tum-parcalarinin-tanitimi\/#breadcrumb"},"inLanguage":"tr","potentialAction":[{"@type":"ReadAction","target":["https:\/\/immp.co\/tr\/deniz-pervaneleri-literaturu-ve-deniz-pervanesinin-tum-parcalarinin-tanitimi\/"]}]},{"@type":"ImageObject","inLanguage":"tr","@id":"https:\/\/immp.co\/tr\/deniz-pervaneleri-literaturu-ve-deniz-pervanesinin-tum-parcalarinin-tanitimi\/#primaryimage","url":"https:\/\/immp.co\/wp-content\/uploads\/2025\/07\/Picture1-1.png","contentUrl":"https:\/\/immp.co\/wp-content\/uploads\/2025\/07\/Picture1-1.png","width":780,"height":397},{"@type":"BreadcrumbList","@id":"https:\/\/immp.co\/tr\/deniz-pervaneleri-literaturu-ve-deniz-pervanesinin-tum-parcalarinin-tanitimi\/#breadcrumb","itemListElement":[{"@type":"ListItem","position":1,"name":"\u062e\u0627\u0646\u0647","item":"https:\/\/immp.co\/az\/"},{"@type":"ListItem","position":2,"name":"Deniz Pervaneleri Literat\u00fcr\u00fc ve Deniz Pervanesinin T\u00fcm Par\u00e7alar\u0131n\u0131n Tan\u0131t\u0131m\u0131"}]},{"@type":"WebSite","@id":"https:\/\/immp.co\/#website","url":"https:\/\/immp.co\/","name":"mazandaran mariene propeller","description":"","publisher":{"@id":"https:\/\/immp.co\/#organization"},"potentialAction":[{"@type":"SearchAction","target":{"@type":"EntryPoint","urlTemplate":"https:\/\/immp.co\/?s={search_term_string}"},"query-input":"required name=search_term_string"}],"inLanguage":"tr"},{"@type":"Organization","@id":"https:\/\/immp.co\/#organization","name":"mazandaran mariene propeller","url":"https:\/\/immp.co\/","logo":{"@type":"ImageObject","inLanguage":"tr","@id":"https:\/\/immp.co\/#\/schema\/logo\/image\/","url":"https:\/\/immp.co\/wp-content\/uploads\/2024\/06\/IMG_20240625_160657_076-e1719486538267_prev_ui-e1724165564263.png","contentUrl":"https:\/\/immp.co\/wp-content\/uploads\/2024\/06\/IMG_20240625_160657_076-e1719486538267_prev_ui-e1724165564263.png","width":100,"height":100,"caption":"mazandaran mariene propeller"},"image":{"@id":"https:\/\/immp.co\/#\/schema\/logo\/image\/"}},{"@type":"Person","@id":"https:\/\/immp.co\/#\/schema\/person\/e0634c48016fbeac184a6fd5a369b6bb","name":"\u0639\u0644\u06cc\u0631\u0636\u0627 \u0627\u0642\u0628\u0627\u0644\u06cc","image":{"@type":"ImageObject","inLanguage":"tr","@id":"https:\/\/immp.co\/#\/schema\/person\/image\/","url":"https:\/\/secure.gravatar.com\/avatar\/07fb8693fa83eba7ef7e44d39322aa11f11fd781ec8068673781647df3d637b5?s=96&d=mm&r=g","contentUrl":"https:\/\/secure.gravatar.com\/avatar\/07fb8693fa83eba7ef7e44d39322aa11f11fd781ec8068673781647df3d637b5?s=96&d=mm&r=g","caption":"\u0639\u0644\u06cc\u0631\u0636\u0627 \u0627\u0642\u0628\u0627\u0644\u06cc"},"sameAs":["https:\/\/immp.co\/"],"url":"https:\/\/immp.co\/tr\/author\/pluxdev_11\/"}]}},"_links":{"self":[{"href":"https:\/\/immp.co\/tr\/wp-json\/wp\/v2\/posts\/6754","targetHints":{"allow":["GET"]}}],"collection":[{"href":"https:\/\/immp.co\/tr\/wp-json\/wp\/v2\/posts"}],"about":[{"href":"https:\/\/immp.co\/tr\/wp-json\/wp\/v2\/types\/post"}],"author":[{"embeddable":true,"href":"https:\/\/immp.co\/tr\/wp-json\/wp\/v2\/users\/3"}],"replies":[{"embeddable":true,"href":"https:\/\/immp.co\/tr\/wp-json\/wp\/v2\/comments?post=6754"}],"version-history":[{"count":3,"href":"https:\/\/immp.co\/tr\/wp-json\/wp\/v2\/posts\/6754\/revisions"}],"predecessor-version":[{"id":6757,"href":"https:\/\/immp.co\/tr\/wp-json\/wp\/v2\/posts\/6754\/revisions\/6757"}],"wp:featuredmedia":[{"embeddable":true,"href":"https:\/\/immp.co\/tr\/wp-json\/wp\/v2\/media\/6647"}],"wp:attachment":[{"href":"https:\/\/immp.co\/tr\/wp-json\/wp\/v2\/media?parent=6754"}],"wp:term":[{"taxonomy":"category","embeddable":true,"href":"https:\/\/immp.co\/tr\/wp-json\/wp\/v2\/categories?post=6754"},{"taxonomy":"post_tag","embeddable":true,"href":"https:\/\/immp.co\/tr\/wp-json\/wp\/v2\/tags?post=6754"}],"curies":[{"name":"wp","href":"https:\/\/api.w.org\/{rel}","templated":true}]}}